{"id":14979,"date":"2023-07-25T17:09:22","date_gmt":"2023-07-25T15:09:22","guid":{"rendered":"https:\/\/www.gmt-menuiseries.com\/menuiseries-dmh\/?post_type=manufacturer&#038;p=14979"},"modified":"2023-07-25T17:09:22","modified_gmt":"2023-07-25T15:09:22","slug":"marchal","status":"publish","type":"manufacturer","link":"https:\/\/www.gmt-menuiseries.com\/menuiseries-dmh\/partenaires\/marchal\/","title":{"rendered":"Marchal"},"content":{"rendered":"<table border=\"0\" width=\"600\" cellspacing=\"0\" cellpadding=\"0\">\n<tbody>\n<tr>\n<td class=\"noir14\">\n<div align=\"justify\">Depuis 30 ans,\u00a0<strong>marchal<\/strong>\u00a0fabrique et assemble des volets roulants et la confiance t\u00e9moign\u00e9e par ses nombreux clients et utilisateurs lui a permis de se d\u00e9velopper par l\u2019interm\u00e9diaire de ses partenaires installateurs en gardant les m\u00eames crit\u00e8res li\u00e9s \u00e0 l\u2019image de la soci\u00e9t\u00e9.<\/div>\n<\/td>\n<\/tr>\n<tr>\n<td><img loading=\"lazy\" src=\"https:\/\/www.marchal.fr\/commun\/transp.png\" width=\"20\" height=\"20\" \/><\/td>\n<\/tr>\n<tr>\n<td class=\"noir14\">\n<div align=\"justify\">Le si\u00e8ge social et le site de production situ\u00e9s au Sud de Lyon, \u00e0 Estrablin, ont \u00e9t\u00e9 r\u00e9guli\u00e8rement agrandis pour r\u00e9pondre \u00e0 une demande toujours croissante. Le stock important des diff\u00e9rents composants vous garantit des d\u00e9lais de fabrication tr\u00e8s courts. De plus, le choix de fournisseurs partenaires tr\u00e8s r\u00e9actifs et toujours \u00e0 l\u2019\u00e9coute de marchal autorise une rotation tr\u00e8s rapide des stocks.<\/div>\n<\/td>\n<\/tr>\n<tr>\n<td><img loading=\"lazy\" src=\"https:\/\/www.marchal.fr\/commun\/transp.png\" width=\"20\" height=\"20\" \/><\/td>\n<\/tr>\n<tr>\n<td class=\"noir14\">\n<div align=\"justify\"><strong>Marchal<\/strong>\u00a0met un point d\u2019honneur \u00e0 s\u2019entourer des meilleurs fournisseurs du march\u00e9 afin de vous apporter des produits fiables, solides et qui r\u00e9pondent aux normes thermiques, phoniques et environnementales les plus exigeantes.<\/div>\n<\/td>\n<\/tr>\n<tr>\n<td><img loading=\"lazy\" src=\"https:\/\/www.marchal.fr\/commun\/transp.png\" width=\"20\" height=\"20\" \/><\/td>\n<\/tr>\n<tr>\n<td class=\"noir14\">\n<div align=\"justify\">De plus, pour assurer une qualit\u00e9 optimale et r\u00e9pondre le plus rapidement possible \u00e0 vos besoins, marchal a fait le choix de produire et assembler tous ses produits en France, dans son usine d&rsquo;Estrablin pr\u00e8s de Lyon, car la r\u00e9activit\u00e9 et la flexibilit\u00e9 sont des r\u00e9alit\u00e9s du monde du b\u00e2timent.<\/div>\n<\/td>\n<\/tr>\n<tr>\n<td><img loading=\"lazy\" src=\"https:\/\/www.marchal.fr\/commun\/transp.png\" width=\"20\" height=\"20\" \/><\/td>\n<\/tr>\n<tr>\n<td class=\"noir14\">\n<div align=\"justify\"><strong>Marchal<\/strong>\u00a0vous accompagne dans tous vos projets, m\u00eame les plus complexes en pla\u00e7ant la confiance et la proximit\u00e9 au c\u0153ur de nos relations.<\/div>\n<\/td>\n<\/tr>\n<tr>\n<td><img loading=\"lazy\" src=\"https:\/\/www.marchal.fr\/commun\/transp.png\" width=\"20\" height=\"20\" \/><\/td>\n<\/tr>\n<tr>\n<td class=\"bleu14\"><strong class=\"bleu16\">Des gammes hautes en couleur !<\/strong><\/td>\n<\/tr>\n<tr>\n<td><img loading=\"lazy\" src=\"https:\/\/www.marchal.fr\/commun\/transp.png\" width=\"20\" height=\"10\" \/><\/td>\n<\/tr>\n<tr>\n<td class=\"noir14\">\n<div align=\"justify\">Volet roulant, Brise-Soleil Orientable, profitez d\u2019une large palette de coloris \u00e0 des prix in\u00e9gal\u00e9s sur nos lames Tobago 50 pour le volet roulant et Z-Line 90 pour le BSO. RAL, Futura, brillant, satin\u00e9, sabl\u00e9\u2026<\/div>\n<\/td>\n<\/tr>\n<tr>\n<td><img loading=\"lazy\" src=\"https:\/\/www.marchal.fr\/commun\/transp.png\" width=\"20\" height=\"20\" \/><\/td>\n<\/tr>\n<tr>\n<td class=\"noir14\">\n<div align=\"justify\">Offrez \u00e0 votre client\u00e8le la possibilit\u00e9 de coordonner leurs menuiseries \u00e0 leurs fermetures et de personnaliser leur habitat ou leur b\u00e2timent pour en faire un lieu \u00e0 leur image.<\/div>\n<\/td>\n<\/tr>\n<\/tbody>\n<\/table>\n","protected":false},"featured_media":14981,"template":"","acf":[],"yoast_head":"<!-- This site is optimized with the Yoast SEO plugin v19.7.1 - https:\/\/yoast.com\/wordpress\/plugins\/seo\/ -->\n<title>Marchal - Menuiserie DMH<\/title>\n<meta name=\"robots\" content=\"index, follow, max-snippet:-1, max-image-preview:large, max-video-preview:-1\" \/>\n<link rel=\"canonical\" href=\"https:\/\/www.gmt-menuiseries.com\/menuiseries-dmh\/partenaires\/marchal\/\" \/>\n<meta property=\"og:locale\" content=\"fr_FR\" \/>\n<meta property=\"og:type\" content=\"article\" \/>\n<meta property=\"og:title\" content=\"Marchal - Menuiserie DMH\" \/>\n<meta property=\"og:description\" content=\"Depuis 30 ans,\u00a0marchal\u00a0fabrique et assemble des volets roulants et la confiance t\u00e9moign\u00e9e par ses nombreux clients et utilisateurs lui a permis de se d\u00e9velopper par l\u2019interm\u00e9diaire de ses partenaires installateurs en gardant les m\u00eames crit\u00e8res li\u00e9s \u00e0 l\u2019image de la soci\u00e9t\u00e9. Le si\u00e8ge social et le site de production situ\u00e9s au Sud de Lyon, \u00e0...\" \/>\n<meta property=\"og:url\" content=\"https:\/\/www.gmt-menuiseries.com\/menuiseries-dmh\/partenaires\/marchal\/\" \/>\n<meta property=\"og:site_name\" content=\"Menuiserie DMH\" \/>\n<meta property=\"og:image\" content=\"https:\/\/www.gmt-menuiseries.com\/wp-content\/uploads\/2023\/07\/logo-1.png\" \/>\n\t<meta property=\"og:image:width\" content=\"271\" \/>\n\t<meta property=\"og:image:height\" content=\"186\" \/>\n\t<meta property=\"og:image:type\" content=\"image\/png\" \/>\n<meta name=\"twitter:card\" content=\"summary_large_image\" \/>\n<meta name=\"twitter:label1\" content=\"Dur\u00e9e de lecture estim\u00e9e\" \/>\n\t<meta name=\"twitter:data1\" content=\"3 minutes\" \/>\n<script type=\"application\/ld+json\" class=\"yoast-schema-graph\">{\"@context\":\"https:\/\/schema.org\",\"@graph\":[{\"@type\":\"WebPage\",\"@id\":\"https:\/\/www.gmt-menuiseries.com\/menuiseries-dmh\/partenaires\/marchal\/\",\"url\":\"https:\/\/www.gmt-menuiseries.com\/menuiseries-dmh\/partenaires\/marchal\/\",\"name\":\"Marchal - Menuiserie DMH\",\"isPartOf\":{\"@id\":\"https:\/\/www.gmt-menuiseries.com\/menuiseries-dmh\/#website\"},\"datePublished\":\"2023-07-25T15:09:22+00:00\",\"dateModified\":\"2023-07-25T15:09:22+00:00\",\"breadcrumb\":{\"@id\":\"https:\/\/www.gmt-menuiseries.com\/menuiseries-dmh\/partenaires\/marchal\/#breadcrumb\"},\"inLanguage\":\"fr-FR\",\"potentialAction\":[{\"@type\":\"ReadAction\",\"target\":[\"https:\/\/www.gmt-menuiseries.com\/menuiseries-dmh\/partenaires\/marchal\/\"]}]},{\"@type\":\"BreadcrumbList\",\"@id\":\"https:\/\/www.gmt-menuiseries.com\/menuiseries-dmh\/partenaires\/marchal\/#breadcrumb\",\"itemListElement\":[{\"@type\":\"ListItem\",\"position\":1,\"name\":\"Accueil\",\"item\":\"https:\/\/www.gmt-menuiseries.com\/menuiseries-dmh\/\"},{\"@type\":\"ListItem\",\"position\":2,\"name\":\"Partenaires\",\"item\":\"https:\/\/www.gmt-menuiseries.com\/menuiseries-dmh\/partenaires\/\"},{\"@type\":\"ListItem\",\"position\":3,\"name\":\"Marchal\"}]},{\"@type\":\"WebSite\",\"@id\":\"https:\/\/www.gmt-menuiseries.com\/menuiseries-dmh\/#website\",\"url\":\"https:\/\/www.gmt-menuiseries.com\/menuiseries-dmh\/\",\"name\":\"Menuiserie DMH\",\"description\":\"Un site utilisant WordPress\",\"publisher\":{\"@id\":\"https:\/\/www.gmt-menuiseries.com\/menuiseries-dmh\/#organization\"},\"potentialAction\":[{\"@type\":\"SearchAction\",\"target\":{\"@type\":\"EntryPoint\",\"urlTemplate\":\"https:\/\/www.gmt-menuiseries.com\/menuiseries-dmh\/?s={search_term_string}\"},\"query-input\":\"required name=search_term_string\"}],\"inLanguage\":\"fr-FR\"},{\"@type\":\"Organization\",\"@id\":\"https:\/\/www.gmt-menuiseries.com\/menuiseries-dmh\/#organization\",\"name\":\"Menuiserie DMH\",\"url\":\"https:\/\/www.gmt-menuiseries.com\/menuiseries-dmh\/\",\"sameAs\":[],\"logo\":{\"@type\":\"ImageObject\",\"inLanguage\":\"fr-FR\",\"@id\":\"https:\/\/www.gmt-menuiseries.com\/menuiseries-dmh\/#\/schema\/logo\/image\/\",\"url\":\"https:\/\/www.gmt-menuiseries.com\/wp-content\/uploads\/2025\/10\/logo-agence-dmh.png\",\"contentUrl\":\"https:\/\/www.gmt-menuiseries.com\/wp-content\/uploads\/2025\/10\/logo-agence-dmh.png\",\"width\":140,\"height\":96,\"caption\":\"Menuiserie DMH\"},\"image\":{\"@id\":\"https:\/\/www.gmt-menuiseries.com\/menuiseries-dmh\/#\/schema\/logo\/image\/\"}}]}<\/script>\n<!-- \/ Yoast SEO plugin. -->","yoast_head_json":{"title":"Marchal - Menuiserie DMH","robots":{"index":"index","follow":"follow","max-snippet":"max-snippet:-1","max-image-preview":"max-image-preview:large","max-video-preview":"max-video-preview:-1"},"canonical":"https:\/\/www.gmt-menuiseries.com\/menuiseries-dmh\/partenaires\/marchal\/","og_locale":"fr_FR","og_type":"article","og_title":"Marchal - Menuiserie DMH","og_description":"Depuis 30 ans,\u00a0marchal\u00a0fabrique et assemble des volets roulants et la confiance t\u00e9moign\u00e9e par ses nombreux clients et utilisateurs lui a permis de se d\u00e9velopper par l\u2019interm\u00e9diaire de ses partenaires installateurs en gardant les m\u00eames crit\u00e8res li\u00e9s \u00e0 l\u2019image de la soci\u00e9t\u00e9. Le si\u00e8ge social et le site de production situ\u00e9s au Sud de Lyon, \u00e0...","og_url":"https:\/\/www.gmt-menuiseries.com\/menuiseries-dmh\/partenaires\/marchal\/","og_site_name":"Menuiserie DMH","og_image":[{"width":271,"height":186,"url":"https:\/\/www.gmt-menuiseries.com\/wp-content\/uploads\/2023\/07\/logo-1.png","type":"image\/png"}],"twitter_card":"summary_large_image","twitter_misc":{"Dur\u00e9e de lecture estim\u00e9e":"3 minutes"},"schema":{"@context":"https:\/\/schema.org","@graph":[{"@type":"WebPage","@id":"https:\/\/www.gmt-menuiseries.com\/menuiseries-dmh\/partenaires\/marchal\/","url":"https:\/\/www.gmt-menuiseries.com\/menuiseries-dmh\/partenaires\/marchal\/","name":"Marchal - Menuiserie DMH","isPartOf":{"@id":"https:\/\/www.gmt-menuiseries.com\/menuiseries-dmh\/#website"},"datePublished":"2023-07-25T15:09:22+00:00","dateModified":"2023-07-25T15:09:22+00:00","breadcrumb":{"@id":"https:\/\/www.gmt-menuiseries.com\/menuiseries-dmh\/partenaires\/marchal\/#breadcrumb"},"inLanguage":"fr-FR","potentialAction":[{"@type":"ReadAction","target":["https:\/\/www.gmt-menuiseries.com\/menuiseries-dmh\/partenaires\/marchal\/"]}]},{"@type":"BreadcrumbList","@id":"https:\/\/www.gmt-menuiseries.com\/menuiseries-dmh\/partenaires\/marchal\/#breadcrumb","itemListElement":[{"@type":"ListItem","position":1,"name":"Accueil","item":"https:\/\/www.gmt-menuiseries.com\/menuiseries-dmh\/"},{"@type":"ListItem","position":2,"name":"Partenaires","item":"https:\/\/www.gmt-menuiseries.com\/menuiseries-dmh\/partenaires\/"},{"@type":"ListItem","position":3,"name":"Marchal"}]},{"@type":"WebSite","@id":"https:\/\/www.gmt-menuiseries.com\/menuiseries-dmh\/#website","url":"https:\/\/www.gmt-menuiseries.com\/menuiseries-dmh\/","name":"Menuiserie DMH","description":"Un site utilisant WordPress","publisher":{"@id":"https:\/\/www.gmt-menuiseries.com\/menuiseries-dmh\/#organization"},"potentialAction":[{"@type":"SearchAction","target":{"@type":"EntryPoint","urlTemplate":"https:\/\/www.gmt-menuiseries.com\/menuiseries-dmh\/?s={search_term_string}"},"query-input":"required name=search_term_string"}],"inLanguage":"fr-FR"},{"@type":"Organization","@id":"https:\/\/www.gmt-menuiseries.com\/menuiseries-dmh\/#organization","name":"Menuiserie DMH","url":"https:\/\/www.gmt-menuiseries.com\/menuiseries-dmh\/","sameAs":[],"logo":{"@type":"ImageObject","inLanguage":"fr-FR","@id":"https:\/\/www.gmt-menuiseries.com\/menuiseries-dmh\/#\/schema\/logo\/image\/","url":"https:\/\/www.gmt-menuiseries.com\/wp-content\/uploads\/2025\/10\/logo-agence-dmh.png","contentUrl":"https:\/\/www.gmt-menuiseries.com\/wp-content\/uploads\/2025\/10\/logo-agence-dmh.png","width":140,"height":96,"caption":"Menuiserie DMH"},"image":{"@id":"https:\/\/www.gmt-menuiseries.com\/menuiseries-dmh\/#\/schema\/logo\/image\/"}}]}},"_links":{"self":[{"href":"https:\/\/www.gmt-menuiseries.com\/menuiseries-dmh\/wp-json\/wp\/v2\/manufacturer\/14979"}],"collection":[{"href":"https:\/\/www.gmt-menuiseries.com\/menuiseries-dmh\/wp-json\/wp\/v2\/manufacturer"}],"about":[{"href":"https:\/\/www.gmt-menuiseries.com\/menuiseries-dmh\/wp-json\/wp\/v2\/types\/manufacturer"}],"wp:featuredmedia":[{"embeddable":true,"href":"https:\/\/www.gmt-menuiseries.com\/menuiseries-dmh\/wp-json\/wp\/v2\/media\/14981"}],"wp:attachment":[{"href":"https:\/\/www.gmt-menuiseries.com\/menuiseries-dmh\/wp-json\/wp\/v2\/media?parent=14979"}],"curies":[{"name":"wp","href":"https:\/\/api.w.org\/{rel}","templated":true}]}}