{"id":40,"count":32,"description":"Le manque d'espace n'est plus un probl\u00e8me face \u00e0 l'installation d'une porte de garage sectionnelle ou lat\u00e9rale.\r\nSon vantail se loge le long des murs ou des plafonds pour une optimisation de l'espace garantie.","link":"https:\/\/www.gmt-menuiseries.com\/menuiseries-dmh\/catalogue\/porte-de-garage\/porte-de-garage-sectionnelle-et-laterale\/","name":"Porte de garage sectionnelle et lat\u00e9rale","slug":"porte-de-garage-sectionnelle-et-laterale","taxonomy":"product_cat","parent":23,"meta":[],"acf":[],"yoast_head":"<!-- This site is optimized with the Yoast SEO plugin v19.7.1 - https:\/\/yoast.com\/wordpress\/plugins\/seo\/ -->\n<title>Porte de garage sectionnelle et lat\u00e9rale - Menuiserie DMH<\/title>\n<meta name=\"robots\" content=\"index, follow, max-snippet:-1, max-image-preview:large, max-video-preview:-1\" \/>\n<link rel=\"canonical\" href=\"https:\/\/www.gmt-menuiseries.com\/menuiseries-dmh\/catalogue\/porte-de-garage\/porte-de-garage-sectionnelle-et-laterale\/\" \/>\n<meta property=\"og:locale\" content=\"fr_FR\" \/>\n<meta property=\"og:type\" content=\"article\" \/>\n<meta property=\"og:title\" content=\"Porte de garage sectionnelle et lat\u00e9rale - Menuiserie DMH\" \/>\n<meta property=\"og:description\" content=\"Le manque d&rsquo;espace n&rsquo;est plus un probl\u00e8me face \u00e0 l&rsquo;installation d&rsquo;une porte de garage sectionnelle ou lat\u00e9rale. Son vantail se loge le long des murs ou des plafonds pour une optimisation de l&rsquo;espace garantie.\" \/>\n<meta property=\"og:url\" content=\"https:\/\/www.gmt-menuiseries.com\/menuiseries-dmh\/catalogue\/porte-de-garage\/porte-de-garage-sectionnelle-et-laterale\/\" \/>\n<meta property=\"og:site_name\" content=\"Menuiserie DMH\" \/>\n<meta name=\"twitter:card\" content=\"summary_large_image\" \/>\n<script type=\"application\/ld+json\" class=\"yoast-schema-graph\">{\"@context\":\"https:\/\/schema.org\",\"@graph\":[{\"@type\":\"CollectionPage\",\"@id\":\"https:\/\/www.gmt-menuiseries.com\/menuiseries-dmh\/catalogue\/porte-de-garage\/porte-de-garage-sectionnelle-et-laterale\/\",\"url\":\"https:\/\/www.gmt-menuiseries.com\/menuiseries-dmh\/catalogue\/porte-de-garage\/porte-de-garage-sectionnelle-et-laterale\/\",\"name\":\"Porte de garage sectionnelle et lat\u00e9rale - Menuiserie DMH\",\"isPartOf\":{\"@id\":\"https:\/\/www.gmt-menuiseries.com\/menuiseries-dmh\/#website\"},\"breadcrumb\":{\"@id\":\"https:\/\/www.gmt-menuiseries.com\/menuiseries-dmh\/catalogue\/porte-de-garage\/porte-de-garage-sectionnelle-et-laterale\/#breadcrumb\"},\"inLanguage\":\"fr-FR\"},{\"@type\":\"BreadcrumbList\",\"@id\":\"https:\/\/www.gmt-menuiseries.com\/menuiseries-dmh\/catalogue\/porte-de-garage\/porte-de-garage-sectionnelle-et-laterale\/#breadcrumb\",\"itemListElement\":[{\"@type\":\"ListItem\",\"position\":1,\"name\":\"Accueil\",\"item\":\"https:\/\/www.gmt-menuiseries.com\/menuiseries-dmh\/\"},{\"@type\":\"ListItem\",\"position\":2,\"name\":\"Porte de garage\",\"item\":\"https:\/\/www.gmt-menuiseries.com\/menuiseries-dmh\/catalogue\/porte-de-garage\/\"},{\"@type\":\"ListItem\",\"position\":3,\"name\":\"Porte de garage sectionnelle et lat\u00e9rale\"}]},{\"@type\":\"WebSite\",\"@id\":\"https:\/\/www.gmt-menuiseries.com\/menuiseries-dmh\/#website\",\"url\":\"https:\/\/www.gmt-menuiseries.com\/menuiseries-dmh\/\",\"name\":\"Menuiserie DMH\",\"description\":\"Un site utilisant WordPress\",\"publisher\":{\"@id\":\"https:\/\/www.gmt-menuiseries.com\/menuiseries-dmh\/#organization\"},\"potentialAction\":[{\"@type\":\"SearchAction\",\"target\":{\"@type\":\"EntryPoint\",\"urlTemplate\":\"https:\/\/www.gmt-menuiseries.com\/menuiseries-dmh\/?s={search_term_string}\"},\"query-input\":\"required name=search_term_string\"}],\"inLanguage\":\"fr-FR\"},{\"@type\":\"Organization\",\"@id\":\"https:\/\/www.gmt-menuiseries.com\/menuiseries-dmh\/#organization\",\"name\":\"Menuiserie DMH\",\"url\":\"https:\/\/www.gmt-menuiseries.com\/menuiseries-dmh\/\",\"sameAs\":[],\"logo\":{\"@type\":\"ImageObject\",\"inLanguage\":\"fr-FR\",\"@id\":\"https:\/\/www.gmt-menuiseries.com\/menuiseries-dmh\/#\/schema\/logo\/image\/\",\"url\":\"https:\/\/www.gmt-menuiseries.com\/wp-content\/uploads\/2025\/10\/logo-agence-dmh.png\",\"contentUrl\":\"https:\/\/www.gmt-menuiseries.com\/wp-content\/uploads\/2025\/10\/logo-agence-dmh.png\",\"width\":140,\"height\":96,\"caption\":\"Menuiserie DMH\"},\"image\":{\"@id\":\"https:\/\/www.gmt-menuiseries.com\/menuiseries-dmh\/#\/schema\/logo\/image\/\"}}]}<\/script>\n<!-- \/ Yoast SEO plugin. -->","yoast_head_json":{"title":"Porte de garage sectionnelle et lat\u00e9rale - Menuiserie DMH","robots":{"index":"index","follow":"follow","max-snippet":"max-snippet:-1","max-image-preview":"max-image-preview:large","max-video-preview":"max-video-preview:-1"},"canonical":"https:\/\/www.gmt-menuiseries.com\/menuiseries-dmh\/catalogue\/porte-de-garage\/porte-de-garage-sectionnelle-et-laterale\/","og_locale":"fr_FR","og_type":"article","og_title":"Porte de garage sectionnelle et lat\u00e9rale - Menuiserie DMH","og_description":"Le manque d&rsquo;espace n&rsquo;est plus un probl\u00e8me face \u00e0 l&rsquo;installation d&rsquo;une porte de garage sectionnelle ou lat\u00e9rale. Son vantail se loge le long des murs ou des plafonds pour une optimisation de l&rsquo;espace garantie.","og_url":"https:\/\/www.gmt-menuiseries.com\/menuiseries-dmh\/catalogue\/porte-de-garage\/porte-de-garage-sectionnelle-et-laterale\/","og_site_name":"Menuiserie DMH","twitter_card":"summary_large_image","schema":{"@context":"https:\/\/schema.org","@graph":[{"@type":"CollectionPage","@id":"https:\/\/www.gmt-menuiseries.com\/menuiseries-dmh\/catalogue\/porte-de-garage\/porte-de-garage-sectionnelle-et-laterale\/","url":"https:\/\/www.gmt-menuiseries.com\/menuiseries-dmh\/catalogue\/porte-de-garage\/porte-de-garage-sectionnelle-et-laterale\/","name":"Porte de garage sectionnelle et lat\u00e9rale - Menuiserie DMH","isPartOf":{"@id":"https:\/\/www.gmt-menuiseries.com\/menuiseries-dmh\/#website"},"breadcrumb":{"@id":"https:\/\/www.gmt-menuiseries.com\/menuiseries-dmh\/catalogue\/porte-de-garage\/porte-de-garage-sectionnelle-et-laterale\/#breadcrumb"},"inLanguage":"fr-FR"},{"@type":"BreadcrumbList","@id":"https:\/\/www.gmt-menuiseries.com\/menuiseries-dmh\/catalogue\/porte-de-garage\/porte-de-garage-sectionnelle-et-laterale\/#breadcrumb","itemListElement":[{"@type":"ListItem","position":1,"name":"Accueil","item":"https:\/\/www.gmt-menuiseries.com\/menuiseries-dmh\/"},{"@type":"ListItem","position":2,"name":"Porte de garage","item":"https:\/\/www.gmt-menuiseries.com\/menuiseries-dmh\/catalogue\/porte-de-garage\/"},{"@type":"ListItem","position":3,"name":"Porte de garage sectionnelle et lat\u00e9rale"}]},{"@type":"WebSite","@id":"https:\/\/www.gmt-menuiseries.com\/menuiseries-dmh\/#website","url":"https:\/\/www.gmt-menuiseries.com\/menuiseries-dmh\/","name":"Menuiserie DMH","description":"Un site utilisant WordPress","publisher":{"@id":"https:\/\/www.gmt-menuiseries.com\/menuiseries-dmh\/#organization"},"potentialAction":[{"@type":"SearchAction","target":{"@type":"EntryPoint","urlTemplate":"https:\/\/www.gmt-menuiseries.com\/menuiseries-dmh\/?s={search_term_string}"},"query-input":"required name=search_term_string"}],"inLanguage":"fr-FR"},{"@type":"Organization","@id":"https:\/\/www.gmt-menuiseries.com\/menuiseries-dmh\/#organization","name":"Menuiserie DMH","url":"https:\/\/www.gmt-menuiseries.com\/menuiseries-dmh\/","sameAs":[],"logo":{"@type":"ImageObject","inLanguage":"fr-FR","@id":"https:\/\/www.gmt-menuiseries.com\/menuiseries-dmh\/#\/schema\/logo\/image\/","url":"https:\/\/www.gmt-menuiseries.com\/wp-content\/uploads\/2025\/10\/logo-agence-dmh.png","contentUrl":"https:\/\/www.gmt-menuiseries.com\/wp-content\/uploads\/2025\/10\/logo-agence-dmh.png","width":140,"height":96,"caption":"Menuiserie DMH"},"image":{"@id":"https:\/\/www.gmt-menuiseries.com\/menuiseries-dmh\/#\/schema\/logo\/image\/"}}]}},"_links":{"self":[{"href":"https:\/\/www.gmt-menuiseries.com\/menuiseries-dmh\/wp-json\/wp\/v2\/product_cat\/40"}],"collection":[{"href":"https:\/\/www.gmt-menuiseries.com\/menuiseries-dmh\/wp-json\/wp\/v2\/product_cat"}],"about":[{"href":"https:\/\/www.gmt-menuiseries.com\/menuiseries-dmh\/wp-json\/wp\/v2\/taxonomies\/product_cat"}],"up":[{"embeddable":true,"href":"https:\/\/www.gmt-menuiseries.com\/menuiseries-dmh\/wp-json\/wp\/v2\/product_cat\/23"}],"wp:post_type":[{"href":"https:\/\/www.gmt-menuiseries.com\/menuiseries-dmh\/wp-json\/wp\/v2\/product?product_cat=40"}],"curies":[{"name":"wp","href":"https:\/\/api.w.org\/{rel}","templated":true}]}}